{"id":3942,"date":"2025-05-28T20:02:12","date_gmt":"2025-05-29T00:02:12","guid":{"rendered":"https:\/\/www.pampacamarones.cl\/?p=3942"},"modified":"2025-05-28T20:04:57","modified_gmt":"2025-05-29T00:04:57","slug":"pampa-camarones-spa-announces-change-in-its-board-of-directors","status":"publish","type":"post","link":"https:\/\/www.pampacamarones.cl\/en\/pampa-camarones-spa-announces-change-in-its-board-of-directors\/","title":{"rendered":"Pampa Camarones SpA Announces Change in its Board of Directors"},"content":{"rendered":"<p><strong><em>Santiago, May 28, 2025.-<\/em> <\/strong><\/p>\n<p style=\"text-align: justify;\">Pampa Camarones SpA announces that, in accordance with the company\u2019s bylaws, a new Board of Directors was elected during the Annual Shareholders\u2019 Meeting held on May 20, 2025.\n<\/p>\n<p style=\"text-align: justify;\">This follows the resignation of Mr. Juan Crist\u00f3bal P\u00e1vez Recart from his position as Director on May 9, 2025. As a temporary replacement, Mr. Horacio Bruna Orchard was appointed to the Board.\n<\/p>\n<p style=\"text-align: justify;\">In that context, the Shareholders\u2019 Meeting agreed to appoint the following individuals as members of the company\u2019s Board of Directors for a new three-year term: F\u00e9lix Andr\u00e9s Susaeta Margulis, Jos\u00e9 Antonio Jim\u00e9nez Mart\u00ednez, An\u00edbal Jos\u00e9 Larra\u00edn Cruzat, Eduardo Andr\u00e9s Beffermann C\u00f3rdova, and Horacio Bruna Orchard.\n<\/p>\n<p style=\"text-align: justify;\">The company extends a warm welcome to its new independent director, Mr. Horacio Bruna Orchard, a mining engineer with a distinguished track record in the Chilean mid-sized mining sector. With more than 35 years of industry experience, Mr. Bruna has led various mining companies through both operational and exploration stages. He has also held executive positions at Minera Michilla, CEMIN, the National Mining Company (ENAMI), and served as Regional Head at Goldcorp for over 14 years.\n<\/p>\n<p style=\"text-align: justify;\">Mr. Bruna\u2019s appointment represents a valuable reinforcement to the leadership team at Pampa Camarones. We are confident that his strategic vision and deep understanding of the mining industry will significantly contribute to addressing the company\u2019s challenges and seizing future opportunities.\n<\/p>\n<p style=\"text-align: justify;\">The company also expresses its sincere gratitude to Mr. Juan Crist\u00f3bal P\u00e1vez for his valuable contributions during his tenure, as well as for his outstanding business expertise, which played a key role in the company\u2019s progress over the past years.<\/p>\n","protected":false},"excerpt":{"rendered":"<p>Santiago, May 28, 2025.- Pampa Camarones SpA announces that, in accordance with the company\u2019s bylaws, a new Board of Directors was elected during the Annual Shareholders\u2019<span class=\"excerpt-hellip\"> [\u2026]<\/span><\/p>\n","protected":false},"author":3,"featured_media":3801,"comment_status":"closed","ping_status":"closed","sticky":false,"template":"","format":"standard","meta":{"footnotes":""},"categories":[5],"tags":[],"class_list":["post-3942","post","type-post","status-publish","format-standard","has-post-thumbnail","hentry","category-uncategorized"],"yoast_head":"<!-- This site is optimized with the Yoast SEO plugin v25.5 - https:\/\/yoast.com\/wordpress\/plugins\/seo\/ -->\n<title>Pampa Camarones SpA Announces Change in its Board of Directors - Pampa Camarones<\/title>\n<meta name=\"robots\" content=\"index, follow, max-snippet:-1, max-image-preview:large, max-video-preview:-1\" \/>\n<link rel=\"canonical\" href=\"https:\/\/www.pampacamarones.cl\/en\/pampa-camarones-spa-announces-change-in-its-board-of-directors\/\" \/>\n<meta property=\"og:locale\" content=\"en_US\" \/>\n<meta property=\"og:type\" content=\"article\" \/>\n<meta property=\"og:title\" content=\"Pampa Camarones SpA Announces Change in its Board of Directors - Pampa Camarones\" \/>\n<meta property=\"og:description\" content=\"Santiago, May 28, 2025.- Pampa Camarones SpA announces that, in accordance with the company\u2019s bylaws, a new Board of Directors was elected during the Annual Shareholders\u2019 [\u2026]\" \/>\n<meta property=\"og:url\" content=\"https:\/\/www.pampacamarones.cl\/en\/pampa-camarones-spa-announces-change-in-its-board-of-directors\/\" \/>\n<meta property=\"og:site_name\" content=\"Pampa Camarones\" \/>\n<meta property=\"article:published_time\" content=\"2025-05-29T00:02:12+00:00\" \/>\n<meta property=\"article:modified_time\" content=\"2025-05-29T00:04:57+00:00\" \/>\n<meta property=\"og:image\" content=\"https:\/\/www.pampacamarones.cl\/wp-content\/uploads\/2024\/07\/logo_horizontal-copia.jpg\" \/>\n\t<meta property=\"og:image:width\" content=\"2129\" \/>\n\t<meta property=\"og:image:height\" content=\"1271\" \/>\n\t<meta property=\"og:image:type\" content=\"image\/jpeg\" \/>\n<meta name=\"author\" content=\"Pampa Camarones\" \/>\n<meta name=\"twitter:card\" content=\"summary_large_image\" \/>\n<meta name=\"twitter:label1\" content=\"Written by\" \/>\n\t<meta name=\"twitter:data1\" content=\"Pampa Camarones\" \/>\n\t<meta name=\"twitter:label2\" content=\"Est. reading time\" \/>\n\t<meta name=\"twitter:data2\" content=\"2 minutes\" \/>\n<script type=\"application\/ld+json\" class=\"yoast-schema-graph\">{\"@context\":\"https:\/\/schema.org\",\"@graph\":[{\"@type\":\"WebPage\",\"@id\":\"https:\/\/www.pampacamarones.cl\/en\/pampa-camarones-spa-announces-change-in-its-board-of-directors\/\",\"url\":\"https:\/\/www.pampacamarones.cl\/en\/pampa-camarones-spa-announces-change-in-its-board-of-directors\/\",\"name\":\"Pampa Camarones SpA Announces Change in its Board of Directors - Pampa Camarones\",\"isPartOf\":{\"@id\":\"https:\/\/www.pampacamarones.cl\/#website\"},\"primaryImageOfPage\":{\"@id\":\"https:\/\/www.pampacamarones.cl\/en\/pampa-camarones-spa-announces-change-in-its-board-of-directors\/#primaryimage\"},\"image\":{\"@id\":\"https:\/\/www.pampacamarones.cl\/en\/pampa-camarones-spa-announces-change-in-its-board-of-directors\/#primaryimage\"},\"thumbnailUrl\":\"https:\/\/www.pampacamarones.cl\/wp-content\/uploads\/2024\/07\/logo_horizontal-copia.jpg\",\"datePublished\":\"2025-05-29T00:02:12+00:00\",\"dateModified\":\"2025-05-29T00:04:57+00:00\",\"author\":{\"@id\":\"https:\/\/www.pampacamarones.cl\/#\/schema\/person\/2435008de208386fd295e782e45b80ec\"},\"breadcrumb\":{\"@id\":\"https:\/\/www.pampacamarones.cl\/en\/pampa-camarones-spa-announces-change-in-its-board-of-directors\/#breadcrumb\"},\"inLanguage\":\"en-US\",\"potentialAction\":[{\"@type\":\"ReadAction\",\"target\":[\"https:\/\/www.pampacamarones.cl\/en\/pampa-camarones-spa-announces-change-in-its-board-of-directors\/\"]}]},{\"@type\":\"ImageObject\",\"inLanguage\":\"en-US\",\"@id\":\"https:\/\/www.pampacamarones.cl\/en\/pampa-camarones-spa-announces-change-in-its-board-of-directors\/#primaryimage\",\"url\":\"https:\/\/www.pampacamarones.cl\/wp-content\/uploads\/2024\/07\/logo_horizontal-copia.jpg\",\"contentUrl\":\"https:\/\/www.pampacamarones.cl\/wp-content\/uploads\/2024\/07\/logo_horizontal-copia.jpg\",\"width\":2129,\"height\":1271},{\"@type\":\"BreadcrumbList\",\"@id\":\"https:\/\/www.pampacamarones.cl\/en\/pampa-camarones-spa-announces-change-in-its-board-of-directors\/#breadcrumb\",\"itemListElement\":[{\"@type\":\"ListItem\",\"position\":1,\"name\":\"Portada\",\"item\":\"https:\/\/www.pampacamarones.cl\/inicio\/\"},{\"@type\":\"ListItem\",\"position\":2,\"name\":\"Pampa Camarones SpA Announces Change in its Board of Directors\"}]},{\"@type\":\"WebSite\",\"@id\":\"https:\/\/www.pampacamarones.cl\/#website\",\"url\":\"https:\/\/www.pampacamarones.cl\/\",\"name\":\"Pampa Camarones\",\"description\":\"Un proyecto \u00fanico\",\"potentialAction\":[{\"@type\":\"SearchAction\",\"target\":{\"@type\":\"EntryPoint\",\"urlTemplate\":\"https:\/\/www.pampacamarones.cl\/?s={search_term_string}\"},\"query-input\":{\"@type\":\"PropertyValueSpecification\",\"valueRequired\":true,\"valueName\":\"search_term_string\"}}],\"inLanguage\":\"en-US\"},{\"@type\":\"Person\",\"@id\":\"https:\/\/www.pampacamarones.cl\/#\/schema\/person\/2435008de208386fd295e782e45b80ec\",\"name\":\"Pampa Camarones\",\"url\":\"https:\/\/www.pampacamarones.cl\/en\/author\/pampa-camarones\/\"}]}<\/script>\n<!-- \/ Yoast SEO plugin. -->","yoast_head_json":{"title":"Pampa Camarones SpA Announces Change in its Board of Directors - Pampa Camarones","robots":{"index":"index","follow":"follow","max-snippet":"max-snippet:-1","max-image-preview":"max-image-preview:large","max-video-preview":"max-video-preview:-1"},"canonical":"https:\/\/www.pampacamarones.cl\/en\/pampa-camarones-spa-announces-change-in-its-board-of-directors\/","og_locale":"en_US","og_type":"article","og_title":"Pampa Camarones SpA Announces Change in its Board of Directors - Pampa Camarones","og_description":"Santiago, May 28, 2025.- Pampa Camarones SpA announces that, in accordance with the company\u2019s bylaws, a new Board of Directors was elected during the Annual Shareholders\u2019 [\u2026]","og_url":"https:\/\/www.pampacamarones.cl\/en\/pampa-camarones-spa-announces-change-in-its-board-of-directors\/","og_site_name":"Pampa Camarones","article_published_time":"2025-05-29T00:02:12+00:00","article_modified_time":"2025-05-29T00:04:57+00:00","og_image":[{"width":2129,"height":1271,"url":"https:\/\/www.pampacamarones.cl\/wp-content\/uploads\/2024\/07\/logo_horizontal-copia.jpg","type":"image\/jpeg"}],"author":"Pampa Camarones","twitter_card":"summary_large_image","twitter_misc":{"Written by":"Pampa Camarones","Est. reading time":"2 minutes"},"schema":{"@context":"https:\/\/schema.org","@graph":[{"@type":"WebPage","@id":"https:\/\/www.pampacamarones.cl\/en\/pampa-camarones-spa-announces-change-in-its-board-of-directors\/","url":"https:\/\/www.pampacamarones.cl\/en\/pampa-camarones-spa-announces-change-in-its-board-of-directors\/","name":"Pampa Camarones SpA Announces Change in its Board of Directors - Pampa Camarones","isPartOf":{"@id":"https:\/\/www.pampacamarones.cl\/#website"},"primaryImageOfPage":{"@id":"https:\/\/www.pampacamarones.cl\/en\/pampa-camarones-spa-announces-change-in-its-board-of-directors\/#primaryimage"},"image":{"@id":"https:\/\/www.pampacamarones.cl\/en\/pampa-camarones-spa-announces-change-in-its-board-of-directors\/#primaryimage"},"thumbnailUrl":"https:\/\/www.pampacamarones.cl\/wp-content\/uploads\/2024\/07\/logo_horizontal-copia.jpg","datePublished":"2025-05-29T00:02:12+00:00","dateModified":"2025-05-29T00:04:57+00:00","author":{"@id":"https:\/\/www.pampacamarones.cl\/#\/schema\/person\/2435008de208386fd295e782e45b80ec"},"breadcrumb":{"@id":"https:\/\/www.pampacamarones.cl\/en\/pampa-camarones-spa-announces-change-in-its-board-of-directors\/#breadcrumb"},"inLanguage":"en-US","potentialAction":[{"@type":"ReadAction","target":["https:\/\/www.pampacamarones.cl\/en\/pampa-camarones-spa-announces-change-in-its-board-of-directors\/"]}]},{"@type":"ImageObject","inLanguage":"en-US","@id":"https:\/\/www.pampacamarones.cl\/en\/pampa-camarones-spa-announces-change-in-its-board-of-directors\/#primaryimage","url":"https:\/\/www.pampacamarones.cl\/wp-content\/uploads\/2024\/07\/logo_horizontal-copia.jpg","contentUrl":"https:\/\/www.pampacamarones.cl\/wp-content\/uploads\/2024\/07\/logo_horizontal-copia.jpg","width":2129,"height":1271},{"@type":"BreadcrumbList","@id":"https:\/\/www.pampacamarones.cl\/en\/pampa-camarones-spa-announces-change-in-its-board-of-directors\/#breadcrumb","itemListElement":[{"@type":"ListItem","position":1,"name":"Portada","item":"https:\/\/www.pampacamarones.cl\/inicio\/"},{"@type":"ListItem","position":2,"name":"Pampa Camarones SpA Announces Change in its Board of Directors"}]},{"@type":"WebSite","@id":"https:\/\/www.pampacamarones.cl\/#website","url":"https:\/\/www.pampacamarones.cl\/","name":"Pampa Camarones","description":"Un proyecto \u00fanico","potentialAction":[{"@type":"SearchAction","target":{"@type":"EntryPoint","urlTemplate":"https:\/\/www.pampacamarones.cl\/?s={search_term_string}"},"query-input":{"@type":"PropertyValueSpecification","valueRequired":true,"valueName":"search_term_string"}}],"inLanguage":"en-US"},{"@type":"Person","@id":"https:\/\/www.pampacamarones.cl\/#\/schema\/person\/2435008de208386fd295e782e45b80ec","name":"Pampa Camarones","url":"https:\/\/www.pampacamarones.cl\/en\/author\/pampa-camarones\/"}]}},"_links":{"self":[{"href":"https:\/\/www.pampacamarones.cl\/en\/wp-json\/wp\/v2\/posts\/3942"}],"collection":[{"href":"https:\/\/www.pampacamarones.cl\/en\/wp-json\/wp\/v2\/posts"}],"about":[{"href":"https:\/\/www.pampacamarones.cl\/en\/wp-json\/wp\/v2\/types\/post"}],"author":[{"embeddable":true,"href":"https:\/\/www.pampacamarones.cl\/en\/wp-json\/wp\/v2\/users\/3"}],"replies":[{"embeddable":true,"href":"https:\/\/www.pampacamarones.cl\/en\/wp-json\/wp\/v2\/comments?post=3942"}],"version-history":[{"count":0,"href":"https:\/\/www.pampacamarones.cl\/en\/wp-json\/wp\/v2\/posts\/3942\/revisions"}],"wp:featuredmedia":[{"embeddable":true,"href":"https:\/\/www.pampacamarones.cl\/en\/wp-json\/wp\/v2\/media\/3801"}],"wp:attachment":[{"href":"https:\/\/www.pampacamarones.cl\/en\/wp-json\/wp\/v2\/media?parent=3942"}],"wp:term":[{"taxonomy":"category","embeddable":true,"href":"https:\/\/www.pampacamarones.cl\/en\/wp-json\/wp\/v2\/categories?post=3942"},{"taxonomy":"post_tag","embeddable":true,"href":"https:\/\/www.pampacamarones.cl\/en\/wp-json\/wp\/v2\/tags?post=3942"}],"curies":[{"name":"wp","href":"https:\/\/api.w.org\/{rel}","templated":true}]}}